{"id":387,"date":"2017-01-09T12:22:00","date_gmt":"2017-01-09T12:22:00","guid":{"rendered":"https:\/\/dist2.famnit.upr.si\/?p=387"},"modified":"2019-02-13T17:43:37","modified_gmt":"2019-02-13T17:43:37","slug":"interview-on-radio-t","status":"publish","type":"post","link":"https:\/\/dist.famnit.upr.si\/index.php\/2017\/01\/09\/interview-on-radio-t\/","title":{"rendered":"Interview on Radio Trst A about augmented and virtual reality"},"content":{"rendered":"<p><body><\/p>\n<p><script async src=\"https:\/\/www.googletagmanager.com\/gtag\/js?id=UA-112485603-1\"><\/script><script>\n  window.dataLayer = window.dataLayer || [];\n  function gtag(){dataLayer.push(arguments);}\n  gtag('js', new Date());<\/p>\n<p>  gtag('config', 'UA-112485603-1');\n<\/script>\n<\/p>\n<p>A recorded conversation (in Slovenian) is available here:<\/p>\n<p><iframe loading=\"lazy\" allowfullscreen=\"\" frameborder=\"0\" height=\"315\" src=\"https:\/\/www.youtube.com\/embed\/6jv9F9AlJ-o\" width=\"560\"><\/iframe><\/p>\n<p><\/body><div id='gallery-1' class='gallery galleryid-387 gallery-columns-3 gallery-size-thumbnail'><figure class='gallery-item'>\n\t\t\t<div class='gallery-icon landscape'>\n\t\t\t\t<a href='https:\/\/dist.famnit.upr.si\/index.php\/2017\/01\/09\/interview-on-radio-t\/screen-shot-2017-01-30-at-12.19.40.jpeg\/'><img loading=\"lazy\" decoding=\"async\" width=\"150\" height=\"150\" src=\"https:\/\/dist.famnit.upr.si\/wp-content\/uploads\/2018\/02\/screen-shot-2017-01-30-at-12.19.40-150x150.jpeg\" class=\"attachment-thumbnail size-thumbnail\" alt=\"\" \/><\/a>\n\t\t\t<\/div><\/figure>\n\t\t<\/div>\n<\/p>","protected":false},"excerpt":{"rendered":"<p><span id=\"result_box\" lang=\"en\"><span><strong>Klen \u010copi\u010d Pucihar and Matja\u017e Kljun<\/strong> from Department<\/span> <span>of Information Science<\/span> <span>and<\/span> <span>Technology <\/span><\/span><span lang=\"en\"><span>had an interview on Radio<\/span> <span>Trst A<\/span> <span>&#8211;<\/span> <span>Rai<\/span> <span>Friuli Venezia Giulia<\/span> <span>(9<\/span>. <span>1.<\/span> <span>2017<\/span>)<span>.<\/span> <span>They talked about the<\/span> augmented <span>and<\/span> <span>virtual reality<\/span> <span>in the show<\/span><strong> <span>Prva Izmena<\/span> <span>&#8211;<\/span> <span>Hevreka<\/span><\/strong><span>.<\/span><\/span><\/p>\n","protected":false},"author":0,"featured_media":0,"comment_status":"open","ping_status":"open","sticky":false,"template":"","format":"standard","meta":{"footnotes":""},"categories":[21],"tags":[],"_links":{"self":[{"href":"https:\/\/dist.famnit.upr.si\/index.php\/wp-json\/wp\/v2\/posts\/387"}],"collection":[{"href":"https:\/\/dist.famnit.upr.si\/index.php\/wp-json\/wp\/v2\/posts"}],"about":[{"href":"https:\/\/dist.famnit.upr.si\/index.php\/wp-json\/wp\/v2\/types\/post"}],"replies":[{"embeddable":true,"href":"https:\/\/dist.famnit.upr.si\/index.php\/wp-json\/wp\/v2\/comments?post=387"}],"version-history":[{"count":0,"href":"https:\/\/dist.famnit.upr.si\/index.php\/wp-json\/wp\/v2\/posts\/387\/revisions"}],"wp:attachment":[{"href":"https:\/\/dist.famnit.upr.si\/index.php\/wp-json\/wp\/v2\/media?parent=387"}],"wp:term":[{"taxonomy":"category","embeddable":true,"href":"https:\/\/dist.famnit.upr.si\/index.php\/wp-json\/wp\/v2\/categories?post=387"},{"taxonomy":"post_tag","embeddable":true,"href":"https:\/\/dist.famnit.upr.si\/index.php\/wp-json\/wp\/v2\/tags?post=387"}],"curies":[{"name":"wp","href":"https:\/\/api.w.org\/{rel}","templated":true}]}}